{"id":219,"date":"2016-01-28T12:00:28","date_gmt":"2016-01-28T10:00:28","guid":{"rendered":"http:\/\/cbomnt.sk?p=219"},"modified":"2017-02-14T11:00:57","modified_gmt":"2017-02-14T09:00:57","slug":"presklene-fasady","status":"publish","type":"post","link":"https:\/\/cbmont.advertplus.sk\/en\/presklene-fasady\/","title":{"rendered":"(Slovensky) Presklen\u00e9 fas\u00e1dy"},"content":{"rendered":"<p class=\"qtranxs-available-languages-message qtranxs-available-languages-message-en\">Sorry, this entry is only available in <a href=\"https:\/\/cbmont.advertplus.sk\/sk\/wp-json\/wp\/v2\/posts\/219\" class=\"qtranxs-available-language-link qtranxs-available-language-link-sk\" title=\"Slovensky\">Slovensky<\/a>.<\/p>","protected":false},"excerpt":{"rendered":"<p>Sorry, this entry is only available in Slovensky.<\/p>\n","protected":false},"author":3,"featured_media":220,"comment_status":"closed","ping_status":"closed","sticky":false,"template":"","format":"standard","meta":{"_acf_changed":false,"footnotes":""},"categories":[12],"tags":[],"acf":[],"yoast_head":"<!-- This site is optimized with the Yoast SEO plugin v22.5 - https:\/\/yoast.com\/wordpress\/plugins\/seo\/ -->\n<title>Presklen\u00e9 fas\u00e1dy\u00a0<\/title>\n<meta name=\"description\" content=\"Presklen\u00e9 steny p\u00f4sobia efektne a moderne sp\u00e1jaj\u00fa interi\u00e9r s exteri\u00e9rom. Stret\u00e1vame sa s nimi najm\u00e4 na budov\u00e1ch obchdon\u00fdch centier, autosal\u00f3nov \u010di b\u00e1nk, ale \u010doraz \u010dastej\u0161ie aj pri stavb\u00e1ch n\u00edzkoenergetick\u00fdch domov.\" \/>\n<meta name=\"robots\" content=\"index, follow, max-snippet:-1, max-image-preview:large, max-video-preview:-1\" \/>\n<link rel=\"canonical\" href=\"https:\/\/cbmont.advertplus.sk\/presklene-fasady\/\" \/>\n<meta property=\"og:locale\" content=\"en_US\" \/>\n<meta property=\"og:type\" content=\"article\" \/>\n<meta property=\"og:title\" content=\"Presklen\u00e9 fas\u00e1dy\u00a0\" \/>\n<meta property=\"og:description\" content=\"Presklen\u00e9 steny p\u00f4sobia efektne a moderne sp\u00e1jaj\u00fa interi\u00e9r s exteri\u00e9rom. Stret\u00e1vame sa s nimi najm\u00e4 na budov\u00e1ch obchdon\u00fdch centier, autosal\u00f3nov \u010di b\u00e1nk, ale \u010doraz \u010dastej\u0161ie aj pri stavb\u00e1ch n\u00edzkoenergetick\u00fdch domov.\" \/>\n<meta property=\"og:url\" content=\"https:\/\/cbmont.advertplus.sk\/presklene-fasady\/\" \/>\n<meta property=\"og:site_name\" content=\"Cb - mont, s.r.o.\" \/>\n<meta property=\"article:published_time\" content=\"2016-01-28T10:00:28+00:00\" \/>\n<meta property=\"article:modified_time\" content=\"2017-02-14T09:00:57+00:00\" \/>\n<meta property=\"og:image\" content=\"https:\/\/cbmont.advertplus.sk\/wp-content\/uploads\/2016\/01\/presklenn\u00e9-fas\u00e1dy.jpg\" \/>\n\t<meta property=\"og:image:width\" content=\"393\" \/>\n\t<meta property=\"og:image:height\" content=\"263\" \/>\n\t<meta property=\"og:image:type\" content=\"image\/jpeg\" \/>\n<meta name=\"author\" content=\"advertplus\" \/>\n<meta name=\"twitter:card\" content=\"summary_large_image\" \/>\n<meta name=\"twitter:label1\" content=\"Written by\" \/>\n\t<meta name=\"twitter:data1\" content=\"advertplus\" \/>\n\t<meta name=\"twitter:label2\" content=\"Est. reading time\" \/>\n\t<meta name=\"twitter:data2\" content=\"2 minutes\" \/>\n<script type=\"application\/ld+json\" class=\"yoast-schema-graph\">{\"@context\":\"https:\/\/schema.org\",\"@graph\":[{\"@type\":\"WebPage\",\"@id\":\"https:\/\/cbmont.advertplus.sk\/presklene-fasady\/\",\"url\":\"https:\/\/cbmont.advertplus.sk\/presklene-fasady\/\",\"name\":\"Presklen\u00e9 fas\u00e1dy\u00a0\",\"isPartOf\":{\"@id\":\"https:\/\/cbmont.advertplus.sk\/#website\"},\"primaryImageOfPage\":{\"@id\":\"https:\/\/cbmont.advertplus.sk\/presklene-fasady\/#primaryimage\"},\"image\":{\"@id\":\"https:\/\/cbmont.advertplus.sk\/presklene-fasady\/#primaryimage\"},\"thumbnailUrl\":\"https:\/\/cbmont.advertplus.sk\/wp-content\/uploads\/2016\/01\/presklenn\u00e9-fas\u00e1dy.jpg\",\"datePublished\":\"2016-01-28T10:00:28+00:00\",\"dateModified\":\"2017-02-14T09:00:57+00:00\",\"author\":{\"@id\":\"https:\/\/cbmont.advertplus.sk\/#\/schema\/person\/9333e755fd7820a0e476f309fd0de83e\"},\"description\":\"Presklen\u00e9 steny p\u00f4sobia efektne a moderne sp\u00e1jaj\u00fa interi\u00e9r s exteri\u00e9rom. Stret\u00e1vame sa s nimi najm\u00e4 na budov\u00e1ch obchdon\u00fdch centier, autosal\u00f3nov \u010di b\u00e1nk, ale \u010doraz \u010dastej\u0161ie aj pri stavb\u00e1ch n\u00edzkoenergetick\u00fdch domov.\",\"breadcrumb\":{\"@id\":\"https:\/\/cbmont.advertplus.sk\/presklene-fasady\/#breadcrumb\"},\"inLanguage\":\"en-US\",\"potentialAction\":[{\"@type\":\"ReadAction\",\"target\":[\"https:\/\/cbmont.advertplus.sk\/presklene-fasady\/\"]}]},{\"@type\":\"ImageObject\",\"inLanguage\":\"en-US\",\"@id\":\"https:\/\/cbmont.advertplus.sk\/presklene-fasady\/#primaryimage\",\"url\":\"https:\/\/cbmont.advertplus.sk\/wp-content\/uploads\/2016\/01\/presklenn\u00e9-fas\u00e1dy.jpg\",\"contentUrl\":\"https:\/\/cbmont.advertplus.sk\/wp-content\/uploads\/2016\/01\/presklenn\u00e9-fas\u00e1dy.jpg\",\"width\":393,\"height\":263},{\"@type\":\"BreadcrumbList\",\"@id\":\"https:\/\/cbmont.advertplus.sk\/presklene-fasady\/#breadcrumb\",\"itemListElement\":[{\"@type\":\"ListItem\",\"position\":1,\"name\":\"Domovsk\u00e1 str\u00e1nka\",\"item\":\"https:\/\/cbmont.advertplus.sk\/\"},{\"@type\":\"ListItem\",\"position\":2,\"name\":\"Presklen\u00e9 fas\u00e1dy\"}]},{\"@type\":\"WebSite\",\"@id\":\"https:\/\/cbmont.advertplus.sk\/#website\",\"url\":\"https:\/\/cbmont.advertplus.sk\/\",\"name\":\"Cb - mont, s.r.o.\",\"description\":\"\",\"potentialAction\":[{\"@type\":\"SearchAction\",\"target\":{\"@type\":\"EntryPoint\",\"urlTemplate\":\"https:\/\/cbmont.advertplus.sk\/?s={search_term_string}\"},\"query-input\":\"required name=search_term_string\"}],\"inLanguage\":\"en-US\"},{\"@type\":\"Person\",\"@id\":\"https:\/\/cbmont.advertplus.sk\/#\/schema\/person\/9333e755fd7820a0e476f309fd0de83e\",\"name\":\"advertplus\",\"image\":{\"@type\":\"ImageObject\",\"inLanguage\":\"en-US\",\"@id\":\"https:\/\/cbmont.advertplus.sk\/#\/schema\/person\/image\/\",\"url\":\"https:\/\/secure.gravatar.com\/avatar\/7134fe5c60e9381507a38ad71951d02f?s=96&d=mm&r=g\",\"contentUrl\":\"https:\/\/secure.gravatar.com\/avatar\/7134fe5c60e9381507a38ad71951d02f?s=96&d=mm&r=g\",\"caption\":\"advertplus\"},\"url\":\"https:\/\/cbmont.advertplus.sk\/en\/author\/advertplus\/\"}]}<\/script>\n<!-- \/ Yoast SEO plugin. -->","yoast_head_json":{"title":"Presklen\u00e9 fas\u00e1dy\u00a0","description":"Presklen\u00e9 steny p\u00f4sobia efektne a moderne sp\u00e1jaj\u00fa interi\u00e9r s exteri\u00e9rom. Stret\u00e1vame sa s nimi najm\u00e4 na budov\u00e1ch obchdon\u00fdch centier, autosal\u00f3nov \u010di b\u00e1nk, ale \u010doraz \u010dastej\u0161ie aj pri stavb\u00e1ch n\u00edzkoenergetick\u00fdch domov.","robots":{"index":"index","follow":"follow","max-snippet":"max-snippet:-1","max-image-preview":"max-image-preview:large","max-video-preview":"max-video-preview:-1"},"canonical":"https:\/\/cbmont.advertplus.sk\/presklene-fasady\/","og_locale":"en_US","og_type":"article","og_title":"Presklen\u00e9 fas\u00e1dy\u00a0","og_description":"Presklen\u00e9 steny p\u00f4sobia efektne a moderne sp\u00e1jaj\u00fa interi\u00e9r s exteri\u00e9rom. Stret\u00e1vame sa s nimi najm\u00e4 na budov\u00e1ch obchdon\u00fdch centier, autosal\u00f3nov \u010di b\u00e1nk, ale \u010doraz \u010dastej\u0161ie aj pri stavb\u00e1ch n\u00edzkoenergetick\u00fdch domov.","og_url":"https:\/\/cbmont.advertplus.sk\/presklene-fasady\/","og_site_name":"Cb - mont, s.r.o.","article_published_time":"2016-01-28T10:00:28+00:00","article_modified_time":"2017-02-14T09:00:57+00:00","og_image":[{"width":393,"height":263,"url":"https:\/\/cbmont.advertplus.sk\/wp-content\/uploads\/2016\/01\/presklenn\u00e9-fas\u00e1dy.jpg","type":"image\/jpeg"}],"author":"advertplus","twitter_card":"summary_large_image","twitter_misc":{"Written by":"advertplus","Est. reading time":"2 minutes"},"schema":{"@context":"https:\/\/schema.org","@graph":[{"@type":"WebPage","@id":"https:\/\/cbmont.advertplus.sk\/presklene-fasady\/","url":"https:\/\/cbmont.advertplus.sk\/presklene-fasady\/","name":"Presklen\u00e9 fas\u00e1dy\u00a0","isPartOf":{"@id":"https:\/\/cbmont.advertplus.sk\/#website"},"primaryImageOfPage":{"@id":"https:\/\/cbmont.advertplus.sk\/presklene-fasady\/#primaryimage"},"image":{"@id":"https:\/\/cbmont.advertplus.sk\/presklene-fasady\/#primaryimage"},"thumbnailUrl":"https:\/\/cbmont.advertplus.sk\/wp-content\/uploads\/2016\/01\/presklenn\u00e9-fas\u00e1dy.jpg","datePublished":"2016-01-28T10:00:28+00:00","dateModified":"2017-02-14T09:00:57+00:00","author":{"@id":"https:\/\/cbmont.advertplus.sk\/#\/schema\/person\/9333e755fd7820a0e476f309fd0de83e"},"description":"Presklen\u00e9 steny p\u00f4sobia efektne a moderne sp\u00e1jaj\u00fa interi\u00e9r s exteri\u00e9rom. Stret\u00e1vame sa s nimi najm\u00e4 na budov\u00e1ch obchdon\u00fdch centier, autosal\u00f3nov \u010di b\u00e1nk, ale \u010doraz \u010dastej\u0161ie aj pri stavb\u00e1ch n\u00edzkoenergetick\u00fdch domov.","breadcrumb":{"@id":"https:\/\/cbmont.advertplus.sk\/presklene-fasady\/#breadcrumb"},"inLanguage":"en-US","potentialAction":[{"@type":"ReadAction","target":["https:\/\/cbmont.advertplus.sk\/presklene-fasady\/"]}]},{"@type":"ImageObject","inLanguage":"en-US","@id":"https:\/\/cbmont.advertplus.sk\/presklene-fasady\/#primaryimage","url":"https:\/\/cbmont.advertplus.sk\/wp-content\/uploads\/2016\/01\/presklenn\u00e9-fas\u00e1dy.jpg","contentUrl":"https:\/\/cbmont.advertplus.sk\/wp-content\/uploads\/2016\/01\/presklenn\u00e9-fas\u00e1dy.jpg","width":393,"height":263},{"@type":"BreadcrumbList","@id":"https:\/\/cbmont.advertplus.sk\/presklene-fasady\/#breadcrumb","itemListElement":[{"@type":"ListItem","position":1,"name":"Domovsk\u00e1 str\u00e1nka","item":"https:\/\/cbmont.advertplus.sk\/"},{"@type":"ListItem","position":2,"name":"Presklen\u00e9 fas\u00e1dy"}]},{"@type":"WebSite","@id":"https:\/\/cbmont.advertplus.sk\/#website","url":"https:\/\/cbmont.advertplus.sk\/","name":"Cb - mont, s.r.o.","description":"","potentialAction":[{"@type":"SearchAction","target":{"@type":"EntryPoint","urlTemplate":"https:\/\/cbmont.advertplus.sk\/?s={search_term_string}"},"query-input":"required name=search_term_string"}],"inLanguage":"en-US"},{"@type":"Person","@id":"https:\/\/cbmont.advertplus.sk\/#\/schema\/person\/9333e755fd7820a0e476f309fd0de83e","name":"advertplus","image":{"@type":"ImageObject","inLanguage":"en-US","@id":"https:\/\/cbmont.advertplus.sk\/#\/schema\/person\/image\/","url":"https:\/\/secure.gravatar.com\/avatar\/7134fe5c60e9381507a38ad71951d02f?s=96&d=mm&r=g","contentUrl":"https:\/\/secure.gravatar.com\/avatar\/7134fe5c60e9381507a38ad71951d02f?s=96&d=mm&r=g","caption":"advertplus"},"url":"https:\/\/cbmont.advertplus.sk\/en\/author\/advertplus\/"}]}},"_links":{"self":[{"href":"https:\/\/cbmont.advertplus.sk\/en\/wp-json\/wp\/v2\/posts\/219"}],"collection":[{"href":"https:\/\/cbmont.advertplus.sk\/en\/wp-json\/wp\/v2\/posts"}],"about":[{"href":"https:\/\/cbmont.advertplus.sk\/en\/wp-json\/wp\/v2\/types\/post"}],"author":[{"embeddable":true,"href":"https:\/\/cbmont.advertplus.sk\/en\/wp-json\/wp\/v2\/users\/3"}],"replies":[{"embeddable":true,"href":"https:\/\/cbmont.advertplus.sk\/en\/wp-json\/wp\/v2\/comments?post=219"}],"version-history":[{"count":6,"href":"https:\/\/cbmont.advertplus.sk\/en\/wp-json\/wp\/v2\/posts\/219\/revisions"}],"predecessor-version":[{"id":1064,"href":"https:\/\/cbmont.advertplus.sk\/en\/wp-json\/wp\/v2\/posts\/219\/revisions\/1064"}],"wp:featuredmedia":[{"embeddable":true,"href":"https:\/\/cbmont.advertplus.sk\/en\/wp-json\/wp\/v2\/media\/220"}],"wp:attachment":[{"href":"https:\/\/cbmont.advertplus.sk\/en\/wp-json\/wp\/v2\/media?parent=219"}],"wp:term":[{"taxonomy":"category","embeddable":true,"href":"https:\/\/cbmont.advertplus.sk\/en\/wp-json\/wp\/v2\/categories?post=219"},{"taxonomy":"post_tag","embeddable":true,"href":"https:\/\/cbmont.advertplus.sk\/en\/wp-json\/wp\/v2\/tags?post=219"}],"curies":[{"name":"wp","href":"https:\/\/api.w.org\/{rel}","templated":true}]}}